{"id":153,"date":"2013-12-03T09:46:51","date_gmt":"2013-12-03T08:46:51","guid":{"rendered":"http:\/\/www.neosa.fr\/?p=153"},"modified":"2013-12-03T09:46:51","modified_gmt":"2013-12-03T08:46:51","slug":"le-mois-du-macpro","status":"publish","type":"post","link":"https:\/\/www.neosa.fr\/?p=153","title":{"rendered":"Le mois du MacPro"},"content":{"rendered":"<div id=\"attachment_154\" style=\"width: 114px\" class=\"wp-caption alignleft\"><img loading=\"lazy\" decoding=\"async\" aria-describedby=\"caption-attachment-154\" class=\"wp-image-154 \" style=\"margin-top: 1px; margin-bottom: 1px;\" title=\"Apple MacPro 2013\" alt=\"Apple MacPro 2013\" src=\"https:\/\/www.neosa.fr\/wp-content\/uploads\/2013\/12\/Apple_MacPro_2013-300x237.jpg\" width=\"108\" height=\"85\" srcset=\"https:\/\/www.neosa.fr\/wp-content\/uploads\/2013\/12\/Apple_MacPro_2013-300x237.jpg 300w, https:\/\/www.neosa.fr\/wp-content\/uploads\/2013\/12\/Apple_MacPro_2013.jpg 800w\" sizes=\"auto, (max-width: 108px) 100vw, 108px\" \/><p id=\"caption-attachment-154\" class=\"wp-caption-text\">Apple MacPro 2013<\/p><\/div>\n<p>Fid\u00e8le \u00e0 sa politique d&rsquo;\u00e9volution essayant de changer les r\u00e8gles, Apple sort pour cette fin d&rsquo;ann\u00e9e un nouveau mod\u00e8le de MacPro, qui chamboule un peu les habitudes du march\u00e9 des \u00ab\u00a0tours\u00a0\u00bb massives que l&rsquo;on a connu par le pass\u00e9, aussi bien chez Apple que d&rsquo;autres constructeurs.<\/p>\n<p>Produit au design original, il est quand m\u00eame des questions qui se posent : le prix annonc\u00e9 de cet ordinateur, attendu par certains, observ\u00e9 par d&rsquo;autres, est \u00e9lev\u00e9 (2.999 \u20ac TTC pour le premier mod\u00e8le). Certes Apple une fois de plus d\u00e9montre son savoir faire d&rsquo;int\u00e9gration pouss\u00e9e, mais il faudra \u00e0 l&rsquo;usage v\u00e9rifier que ce produit ne souffre pas de d\u00e9faut. La politique de dur\u00e9e de vie des produits \u00e9lectroniques en g\u00e9n\u00e9ral et sur ce march\u00e9 en particulier n\u00e9cessite d&rsquo;\u00eatre attentif, pour ne pas sombrer dans une course effr\u00e9n\u00e9e \u00e0 l&rsquo;obsolescence que de nombreux analystes peuvent juger programm\u00e9e.<\/p>\n<p>En tout \u00e9tat de cause, les professionnels avides de puissance devraient s&rsquo;y retrouver et se faire plaisir.<\/p>\n","protected":false},"excerpt":{"rendered":"<p>Fid\u00e8le \u00e0 sa politique d&rsquo;\u00e9volution essayant de changer les r\u00e8gles, Apple sort pour cette fin d&rsquo;ann\u00e9e un nouveau mod\u00e8le de MacPro, qui chamboule un peu les habitudes du march\u00e9 des \u00ab\u00a0tours\u00a0\u00bb massives que l&rsquo;on a connu par le pass\u00e9, aussi bien chez Apple que d&rsquo;autres constructeurs. Produit au design original, il est quand m\u00eame des&hellip;<\/p>\n","protected":false},"author":1,"featured_media":0,"comment_status":"closed","ping_status":"open","sticky":false,"template":"","format":"standard","meta":{"footnotes":""},"categories":[5],"tags":[18,6],"class_list":["post-153","post","type-post","status-publish","format-standard","hentry","category-apple","tag-apple","tag-macpro"],"_links":{"self":[{"href":"https:\/\/www.neosa.fr\/index.php?rest_route=\/wp\/v2\/posts\/153","targetHints":{"allow":["GET"]}}],"collection":[{"href":"https:\/\/www.neosa.fr\/index.php?rest_route=\/wp\/v2\/posts"}],"about":[{"href":"https:\/\/www.neosa.fr\/index.php?rest_route=\/wp\/v2\/types\/post"}],"author":[{"embeddable":true,"href":"https:\/\/www.neosa.fr\/index.php?rest_route=\/wp\/v2\/users\/1"}],"replies":[{"embeddable":true,"href":"https:\/\/www.neosa.fr\/index.php?rest_route=%2Fwp%2Fv2%2Fcomments&post=153"}],"version-history":[{"count":2,"href":"https:\/\/www.neosa.fr\/index.php?rest_route=\/wp\/v2\/posts\/153\/revisions"}],"predecessor-version":[{"id":156,"href":"https:\/\/www.neosa.fr\/index.php?rest_route=\/wp\/v2\/posts\/153\/revisions\/156"}],"wp:attachment":[{"href":"https:\/\/www.neosa.fr\/index.php?rest_route=%2Fwp%2Fv2%2Fmedia&parent=153"}],"wp:term":[{"taxonomy":"category","embeddable":true,"href":"https:\/\/www.neosa.fr\/index.php?rest_route=%2Fwp%2Fv2%2Fcategories&post=153"},{"taxonomy":"post_tag","embeddable":true,"href":"https:\/\/www.neosa.fr\/index.php?rest_route=%2Fwp%2Fv2%2Ftags&post=153"}],"curies":[{"name":"wp","href":"https:\/\/api.w.org\/{rel}","templated":true}]}}