{"id":246,"date":"2014-03-10T11:52:43","date_gmt":"2014-03-10T10:52:43","guid":{"rendered":"http:\/\/www.neosa.fr\/?p=246"},"modified":"2014-03-10T12:14:55","modified_gmt":"2014-03-10T11:14:55","slug":"la-prochaine-version-adobe-creative-cloud-necessitera-mac-os-x-10-7","status":"publish","type":"post","link":"https:\/\/www.neosa.fr\/?p=246","title":{"rendered":"La prochaine version Adobe Creative Cloud n\u00e9cessitera Mac OS X 10.7"},"content":{"rendered":"<p><a href=\"https:\/\/www.neosa.fr\/wp-content\/uploads\/2014\/03\/CreativeCloudLogo.jpg\"><img loading=\"lazy\" decoding=\"async\" class=\"alignleft  wp-image-247\" alt=\"CreativeCloudLogo\" src=\"https:\/\/www.neosa.fr\/wp-content\/uploads\/2014\/03\/CreativeCloudLogo-300x300.jpg\" width=\"218\" height=\"218\" srcset=\"https:\/\/www.neosa.fr\/wp-content\/uploads\/2014\/03\/CreativeCloudLogo-300x300.jpg 300w, https:\/\/www.neosa.fr\/wp-content\/uploads\/2014\/03\/CreativeCloudLogo-150x150.jpg 150w, https:\/\/www.neosa.fr\/wp-content\/uploads\/2014\/03\/CreativeCloudLogo-1024x1024.jpg 1024w, https:\/\/www.neosa.fr\/wp-content\/uploads\/2014\/03\/CreativeCloudLogo-600x599.jpg 600w, https:\/\/www.neosa.fr\/wp-content\/uploads\/2014\/03\/CreativeCloudLogo-50x50.jpg 50w, https:\/\/www.neosa.fr\/wp-content\/uploads\/2014\/03\/CreativeCloudLogo.jpg 1528w\" sizes=\"auto, (max-width: 218px) 100vw, 218px\" \/><\/a>Dans un <a title=\"Creative Cloud et Mac OS X 10.7\" href=\"http:\/\/blogs.adobe.com\/creativecloud\/moving-ahead-with-mac-os-x-10-7-and-higher\/\" target=\"_blank\">court billet<\/a>, Adobe annonce que la prochaine version de Creative Cloud n\u00e9cessitera sous Mac OS X la version 10.7.<\/p>\n<p>Les utilisateurs encore en version 10.6.8 pourront continuer \u00e0 utiliser les versions actuelles des produits Adobe, mais ils ne pourront plus continuer \u00e0 recevoir ces grandes mises \u00e0 jour. Ils devront donc mettre \u00e0 jour leur syst\u00e8me pour \u00e9voluer vers Creative Cloud.<\/p>\n<p>Pas de date annonc\u00e9e par Adobe pour cette nouvelle version, mais les premi\u00e8res informations indiqueraient que le moi de mai de cette ann\u00e9e pourrait \u00eatre une \u00e9ch\u00e9ance \u00e0 retenir, <a title=\"Creative Cloud Mai 2014\" href=\"http:\/\/www.macg.co\/logiciels\/2014\/01\/info-macg-details-sur-le-futur-indesign-10-79220\" target=\"_blank\">selon MacG\u00e9n\u00e9ration.<\/a><\/p>\n","protected":false},"excerpt":{"rendered":"<p>Dans un court billet, Adobe annonce que la prochaine version de Creative Cloud n\u00e9cessitera sous Mac OS X la version 10.7. Les utilisateurs encore en version 10.6.8 pourront continuer \u00e0 utiliser les versions actuelles des produits Adobe, mais ils ne pourront plus continuer \u00e0 recevoir ces grandes mises \u00e0 jour. Ils devront donc mettre \u00e0&hellip;<\/p>\n","protected":false},"author":1,"featured_media":0,"comment_status":"closed","ping_status":"open","sticky":false,"template":"","format":"standard","meta":{"footnotes":""},"categories":[11],"tags":[],"class_list":["post-246","post","type-post","status-publish","format-standard","hentry","category-adobe"],"_links":{"self":[{"href":"https:\/\/www.neosa.fr\/index.php?rest_route=\/wp\/v2\/posts\/246","targetHints":{"allow":["GET"]}}],"collection":[{"href":"https:\/\/www.neosa.fr\/index.php?rest_route=\/wp\/v2\/posts"}],"about":[{"href":"https:\/\/www.neosa.fr\/index.php?rest_route=\/wp\/v2\/types\/post"}],"author":[{"embeddable":true,"href":"https:\/\/www.neosa.fr\/index.php?rest_route=\/wp\/v2\/users\/1"}],"replies":[{"embeddable":true,"href":"https:\/\/www.neosa.fr\/index.php?rest_route=%2Fwp%2Fv2%2Fcomments&post=246"}],"version-history":[{"count":1,"href":"https:\/\/www.neosa.fr\/index.php?rest_route=\/wp\/v2\/posts\/246\/revisions"}],"predecessor-version":[{"id":248,"href":"https:\/\/www.neosa.fr\/index.php?rest_route=\/wp\/v2\/posts\/246\/revisions\/248"}],"wp:attachment":[{"href":"https:\/\/www.neosa.fr\/index.php?rest_route=%2Fwp%2Fv2%2Fmedia&parent=246"}],"wp:term":[{"taxonomy":"category","embeddable":true,"href":"https:\/\/www.neosa.fr\/index.php?rest_route=%2Fwp%2Fv2%2Fcategories&post=246"},{"taxonomy":"post_tag","embeddable":true,"href":"https:\/\/www.neosa.fr\/index.php?rest_route=%2Fwp%2Fv2%2Ftags&post=246"}],"curies":[{"name":"wp","href":"https:\/\/api.w.org\/{rel}","templated":true}]}}