{"id":371,"date":"2017-09-29T12:01:18","date_gmt":"2017-09-29T11:01:18","guid":{"rendered":"http:\/\/www.neosa.fr\/?p=371"},"modified":"2017-09-29T16:25:39","modified_gmt":"2017-09-29T15:25:39","slug":"apple-macos-high-sierra-et-adobe-creative-cloud","status":"publish","type":"post","link":"https:\/\/www.neosa.fr\/?p=371","title":{"rendered":"Apple macOS High Sierra et Adobe Creative Cloud"},"content":{"rendered":"<p><img loading=\"lazy\" decoding=\"async\" class=\"aligncenter wp-image-372\" src=\"https:\/\/www.neosa.fr\/wp-content\/uploads\/2017\/09\/Panneau_Attention-150x150.jpg\" alt=\"\" width=\"88\" height=\"91\" \/><\/p>\n<p>Apple a mis en ligne et propose sa derni\u00e8re version de macOS, \u00e0 savoir High Sierra (version 10.13) depuis maintenant quelques jours.<\/p>\n<p>Les utilisateurs des versions Adobe Creative Cloud\u00a0 (versions 2017 et ant\u00e9rieures) sont invit\u00e9s <strong>\u00e0 ne pas effectuer la mise \u00e0 jour<\/strong> vers ce nouveau syst\u00e8me macOS High Sierra, Adobe a d\u00e9j\u00e0 relev\u00e9 plusieurs incompatibilit\u00e9s et divers soucis.<\/p>\n<p>Nous vous invitons \u00e0 suivre sur le site de Adobe les \u00e9volutions \u00e0 venir, et vous tiendrons au courant lors d&rsquo;une prochaine newsletter.<\/p>\n","protected":false},"excerpt":{"rendered":"<p>Apple a mis en ligne et propose sa derni\u00e8re version de macOS, \u00e0 savoir High Sierra (version 10.13) depuis maintenant quelques jours. Les utilisateurs des versions Adobe Creative Cloud\u00a0 (versions 2017 et ant\u00e9rieures) sont invit\u00e9s \u00e0 ne pas effectuer la mise \u00e0 jour vers ce nouveau syst\u00e8me macOS High Sierra, Adobe a d\u00e9j\u00e0 relev\u00e9 plusieurs&hellip;<\/p>\n","protected":false},"author":1,"featured_media":0,"comment_status":"closed","ping_status":"open","sticky":false,"template":"","format":"standard","meta":{"footnotes":""},"categories":[11],"tags":[],"class_list":["post-371","post","type-post","status-publish","format-standard","hentry","category-adobe"],"_links":{"self":[{"href":"https:\/\/www.neosa.fr\/index.php?rest_route=\/wp\/v2\/posts\/371","targetHints":{"allow":["GET"]}}],"collection":[{"href":"https:\/\/www.neosa.fr\/index.php?rest_route=\/wp\/v2\/posts"}],"about":[{"href":"https:\/\/www.neosa.fr\/index.php?rest_route=\/wp\/v2\/types\/post"}],"author":[{"embeddable":true,"href":"https:\/\/www.neosa.fr\/index.php?rest_route=\/wp\/v2\/users\/1"}],"replies":[{"embeddable":true,"href":"https:\/\/www.neosa.fr\/index.php?rest_route=%2Fwp%2Fv2%2Fcomments&post=371"}],"version-history":[{"count":2,"href":"https:\/\/www.neosa.fr\/index.php?rest_route=\/wp\/v2\/posts\/371\/revisions"}],"predecessor-version":[{"id":375,"href":"https:\/\/www.neosa.fr\/index.php?rest_route=\/wp\/v2\/posts\/371\/revisions\/375"}],"wp:attachment":[{"href":"https:\/\/www.neosa.fr\/index.php?rest_route=%2Fwp%2Fv2%2Fmedia&parent=371"}],"wp:term":[{"taxonomy":"category","embeddable":true,"href":"https:\/\/www.neosa.fr\/index.php?rest_route=%2Fwp%2Fv2%2Fcategories&post=371"},{"taxonomy":"post_tag","embeddable":true,"href":"https:\/\/www.neosa.fr\/index.php?rest_route=%2Fwp%2Fv2%2Ftags&post=371"}],"curies":[{"name":"wp","href":"https:\/\/api.w.org\/{rel}","templated":true}]}}