{"id":376,"date":"2017-10-24T10:16:08","date_gmt":"2017-10-24T09:16:08","guid":{"rendered":"http:\/\/www.neosa.fr\/?p=376"},"modified":"2017-10-24T10:16:08","modified_gmt":"2017-10-24T09:16:08","slug":"adobe-creative-cloud-2018","status":"publish","type":"post","link":"https:\/\/www.neosa.fr\/?p=376","title":{"rendered":"Adobe Creative Cloud 2018"},"content":{"rendered":"<p><img loading=\"lazy\" decoding=\"async\" class=\"aligncenter wp-image-377 size-medium\" src=\"https:\/\/www.neosa.fr\/wp-content\/uploads\/2017\/10\/adobe-cc-2018-direct-download-links-300x180.jpg\" alt=\"\" width=\"300\" height=\"180\" srcset=\"https:\/\/www.neosa.fr\/wp-content\/uploads\/2017\/10\/adobe-cc-2018-direct-download-links-300x180.jpg 300w, https:\/\/www.neosa.fr\/wp-content\/uploads\/2017\/10\/adobe-cc-2018-direct-download-links.jpg 600w\" sizes=\"auto, (max-width: 300px) 100vw, 300px\" \/><\/p>\n<p>La suite des logiciels Adobe Creative Cloud Version 2018 est disponible maintenant depuis quelques jours.<\/p>\n<p>Nous vous conseillons, lors d&rsquo;une mise \u00e0 niveau d&rsquo;une de vos applications, de conserver la version pr\u00e9c\u00e9dente : si vous utilisez et exploitez des plug-in sp\u00e9cifiques \u00e0 une application (InDesign, Illustrator, etc&#8230;), assurez des compatibilit\u00e9s avec les derni\u00e8res versions Adobe Creative Cloud.<\/p>\n<p>Pour certaines applications, cette version CC 2018 n\u00e9cessite un ordinateur Apple Mac OS X 10.11 ou plus r\u00e9cent, Windows 7 ou plus r\u00e9cent. Consultez <a href=\"https:\/\/helpx.adobe.com\/fr\/creative-cloud\/system-requirements.html\" target=\"_blank\" rel=\"noopener noreferrer\">la page d&rsquo;aide Adobe \u00e0 ce sujet <\/a>pour des r\u00e9ponses plus pr\u00e9cises.<\/p>\n","protected":false},"excerpt":{"rendered":"<p>La suite des logiciels Adobe Creative Cloud Version 2018 est disponible maintenant depuis quelques jours. Nous vous conseillons, lors d&rsquo;une mise \u00e0 niveau d&rsquo;une de vos applications, de conserver la version pr\u00e9c\u00e9dente : si vous utilisez et exploitez des plug-in sp\u00e9cifiques \u00e0 une application (InDesign, Illustrator, etc&#8230;), assurez des compatibilit\u00e9s avec les derni\u00e8res versions Adobe&hellip;<\/p>\n","protected":false},"author":1,"featured_media":0,"comment_status":"closed","ping_status":"open","sticky":false,"template":"","format":"standard","meta":{"footnotes":""},"categories":[11],"tags":[],"class_list":["post-376","post","type-post","status-publish","format-standard","hentry","category-adobe"],"_links":{"self":[{"href":"https:\/\/www.neosa.fr\/index.php?rest_route=\/wp\/v2\/posts\/376","targetHints":{"allow":["GET"]}}],"collection":[{"href":"https:\/\/www.neosa.fr\/index.php?rest_route=\/wp\/v2\/posts"}],"about":[{"href":"https:\/\/www.neosa.fr\/index.php?rest_route=\/wp\/v2\/types\/post"}],"author":[{"embeddable":true,"href":"https:\/\/www.neosa.fr\/index.php?rest_route=\/wp\/v2\/users\/1"}],"replies":[{"embeddable":true,"href":"https:\/\/www.neosa.fr\/index.php?rest_route=%2Fwp%2Fv2%2Fcomments&post=376"}],"version-history":[{"count":1,"href":"https:\/\/www.neosa.fr\/index.php?rest_route=\/wp\/v2\/posts\/376\/revisions"}],"predecessor-version":[{"id":378,"href":"https:\/\/www.neosa.fr\/index.php?rest_route=\/wp\/v2\/posts\/376\/revisions\/378"}],"wp:attachment":[{"href":"https:\/\/www.neosa.fr\/index.php?rest_route=%2Fwp%2Fv2%2Fmedia&parent=376"}],"wp:term":[{"taxonomy":"category","embeddable":true,"href":"https:\/\/www.neosa.fr\/index.php?rest_route=%2Fwp%2Fv2%2Fcategories&post=376"},{"taxonomy":"post_tag","embeddable":true,"href":"https:\/\/www.neosa.fr\/index.php?rest_route=%2Fwp%2Fv2%2Ftags&post=376"}],"curies":[{"name":"wp","href":"https:\/\/api.w.org\/{rel}","templated":true}]}}